{"id":8324,"date":"2018-01-07T14:28:03","date_gmt":"2018-01-07T13:28:03","guid":{"rendered":"http:\/\/www.histoiresgalantes.fr\/blog\/?p=8324"},"modified":"2018-01-07T14:28:03","modified_gmt":"2018-01-07T13:28:03","slug":"appel-a-communication-pour-un-congres-international-a-edimbourg-lumieres-et-identites","status":"publish","type":"post","link":"https:\/\/www.histoiresgalantes.fr\/blog\/2018\/01\/07\/appel-a-communication-pour-un-congres-international-a-edimbourg-lumieres-et-identites\/","title":{"rendered":"Appel \u00e0 communication pour un congr\u00e8s international \u00e0 Edimbourg &#8211; Lumi\u00e8res et identit\u00e9s"},"content":{"rendered":"<div id=\"js_2oo\" class=\"_5pbx userContent _3576\" data-ft=\"{&quot;tn&quot;:&quot;K&quot;}\">\n<p>du 14 au 19 juillet 2019<\/p>\n<\/div>\n<div class=\"_3x-2\">\n<div>\n<div class=\"_5r69 _sds _34q1\">\n<div class=\"mts\">\n<div class=\"mtm _4fzb\">\n<div class=\"_171_\">\u00a0Avis aux chercheurs travaillant sur les Lumi\u00e8res: le Congr\u00e8s international de la SIEDS se tiendra \u00e0 l\u2019universit\u00e9 d\u2019\u00c9dimbourg du 14 au 19 juillet 2019 sur la th\u00e9<span class=\"text_exposed_show\">matique \u00ab Lumi\u00e8res et identit\u00e9s \u00bb; un appel \u00e0 communications a \u00e9t\u00e9 publi\u00e9 (date limite d&#8217;envoi: 1er f\u00e9vrier 2019): s&#8217;inscrire\u00a0 <a href=\"https:\/\/www.bsecs.org.uk\/isecs\/en\/cfp\/\"><strong>ici<\/strong><\/a> ou encore <a href=\"https:\/\/www.bsecs.org.uk\/isecs\/fr\/appel\/\"><strong>ici<\/strong><\/a><\/span><\/div>\n<\/div>\n<\/div>\n<\/div>\n<\/div>\n<\/div>\n","protected":false},"excerpt":{"rendered":"<p>du 14 au 19 juillet 2019 \u00a0Avis aux chercheurs travaillant sur les Lumi\u00e8res: le Congr\u00e8s international de la SIEDS se tiendra \u00e0 l\u2019universit\u00e9 d\u2019\u00c9dimbourg du 14 au 19 juillet 2019 sur la th\u00e9matique \u00ab Lumi\u00e8res et identit\u00e9s \u00bb; un appel \u00e0 communications a \u00e9t\u00e9 publi\u00e9 (date limite d&#8217;envoi: 1er f\u00e9vrier 2019): s&#8217;inscrire\u00a0 ici ou encore [&hellip;]<\/p>\n","protected":false},"author":1,"featured_media":8325,"comment_status":"open","ping_status":"open","sticky":false,"template":"","format":"image","meta":{"om_disable_all_campaigns":false,"_monsterinsights_skip_tracking":false,"_monsterinsights_sitenote_active":false,"_monsterinsights_sitenote_note":"","_monsterinsights_sitenote_category":0,"_s2mail":"yes","footnotes":""},"categories":[29],"tags":[],"class_list":["post-8324","post","type-post","status-publish","format-image","has-post-thumbnail","hentry","category-evenements","post_format-post-format-image"],"aioseo_notices":[],"_links":{"self":[{"href":"https:\/\/www.histoiresgalantes.fr\/blog\/wp-json\/wp\/v2\/posts\/8324","targetHints":{"allow":["GET"]}}],"collection":[{"href":"https:\/\/www.histoiresgalantes.fr\/blog\/wp-json\/wp\/v2\/posts"}],"about":[{"href":"https:\/\/www.histoiresgalantes.fr\/blog\/wp-json\/wp\/v2\/types\/post"}],"author":[{"embeddable":true,"href":"https:\/\/www.histoiresgalantes.fr\/blog\/wp-json\/wp\/v2\/users\/1"}],"replies":[{"embeddable":true,"href":"https:\/\/www.histoiresgalantes.fr\/blog\/wp-json\/wp\/v2\/comments?post=8324"}],"version-history":[{"count":1,"href":"https:\/\/www.histoiresgalantes.fr\/blog\/wp-json\/wp\/v2\/posts\/8324\/revisions"}],"predecessor-version":[{"id":8326,"href":"https:\/\/www.histoiresgalantes.fr\/blog\/wp-json\/wp\/v2\/posts\/8324\/revisions\/8326"}],"wp:featuredmedia":[{"embeddable":true,"href":"https:\/\/www.histoiresgalantes.fr\/blog\/wp-json\/wp\/v2\/media\/8325"}],"wp:attachment":[{"href":"https:\/\/www.histoiresgalantes.fr\/blog\/wp-json\/wp\/v2\/media?parent=8324"}],"wp:term":[{"taxonomy":"category","embeddable":true,"href":"https:\/\/www.histoiresgalantes.fr\/blog\/wp-json\/wp\/v2\/categories?post=8324"},{"taxonomy":"post_tag","embeddable":true,"href":"https:\/\/www.histoiresgalantes.fr\/blog\/wp-json\/wp\/v2\/tags?post=8324"}],"curies":[{"name":"wp","href":"https:\/\/api.w.org\/{rel}","templated":true}]}}