{"id":8578,"date":"2018-02-11T16:10:21","date_gmt":"2018-02-11T15:10:21","guid":{"rendered":"http:\/\/www.histoiresgalantes.fr\/blog\/?p=8578"},"modified":"2020-03-14T10:27:31","modified_gmt":"2020-03-14T09:27:31","slug":"le-11-fevrier-est-la-journee-internationale-des-femmes-de-sciences-cest-donc-une-journee-pour-feter-emilie-du-chatelet-et-tant-dautres-femmes-talentueuses","status":"publish","type":"post","link":"https:\/\/www.histoiresgalantes.fr\/blog\/2018\/02\/11\/le-11-fevrier-est-la-journee-internationale-des-femmes-de-sciences-cest-donc-une-journee-pour-feter-emilie-du-chatelet-et-tant-dautres-femmes-talentueuses\/","title":{"rendered":"Le 11 f\u00e9vrier est la journ\u00e9e internationale des femmes de sciences, c&#8217;est donc une journ\u00e9e pour f\u00eater Emilie du Ch\u00e2telet et tant d&#8217;autres femmes talentueuses !"},"content":{"rendered":"<p>Pour f\u00eater cela, voici un portrait in\u00e9dit de <a href=\"https:\/\/www.histoiresgalantes.fr\/blog\/2017\/11\/20\/le-spectre-demilie-apercu-au-chateau-de-luneville-scoop-de-decembre-1749\/\"><strong>la marquise du Ch\u00e2telet<\/strong><\/a>, premi\u00e8re scientifique \u00e0 avoir interpr\u00e9ter et diffuser les th\u00e9ories de Newton.<br \/>\nPhotographie en noir et blanc d&#8217;un portrait peint par <strong>Nicolas-Bernard L\u00e9pici\u00e9<\/strong>, (1735-1784), peint probablement apr\u00e8s la mort de la marquise car ce peintre avait 14 ans en 1749 date du <span class=\"text_exposed_show\">d\u00e9c\u00e8s d&#8217;Emilie, ce tableau a \u00e9t\u00e9 r\u00e9f\u00e9renc\u00e9 pour la derni\u00e8re fois dans la collection du baron Henri de Rothschild. En 1892, cette photo appartenait \u00e0 la baronne Nathaniel de Rothschild, mais nous n&#8217;avons plus de trace aujourd&#8217;hui de ce tableau.<br \/>\nA droite, c&#8217;est une estampe r\u00e9alis\u00e9e d&#8217;apr\u00e8s ce tableau et reproduite en h\u00e9liogravure dans Cent portraits de femmes, Paris, Petit, 1910, p. 78.<br \/>\nD\u00e9dicace sp\u00e9ciale \u00e0 Pierre Druart<\/span><\/p>\n","protected":false},"excerpt":{"rendered":"<p>Pour f\u00eater cela, voici un portrait in\u00e9dit de la marquise du Ch\u00e2telet, premi\u00e8re scientifique \u00e0 avoir interpr\u00e9ter et diffuser les th\u00e9ories de Newton. Photographie en noir et blanc d&#8217;un portrait peint par Nicolas-Bernard L\u00e9pici\u00e9, (1735-1784), peint probablement apr\u00e8s la mort de la marquise car ce peintre avait 14 ans en 1749 date du d\u00e9c\u00e8s d&#8217;Emilie, [&hellip;]<\/p>\n","protected":false},"author":1,"featured_media":8579,"comment_status":"open","ping_status":"open","sticky":false,"template":"","format":"image","meta":{"om_disable_all_campaigns":false,"_monsterinsights_skip_tracking":false,"_monsterinsights_sitenote_active":false,"_monsterinsights_sitenote_note":"","_monsterinsights_sitenote_category":0,"_s2mail":"yes","footnotes":""},"categories":[26,17],"tags":[],"class_list":["post-8578","post","type-post","status-publish","format-image","has-post-thumbnail","hentry","category-mme-du-chatelet","category-portraits","post_format-post-format-image"],"aioseo_notices":[],"_links":{"self":[{"href":"https:\/\/www.histoiresgalantes.fr\/blog\/wp-json\/wp\/v2\/posts\/8578","targetHints":{"allow":["GET"]}}],"collection":[{"href":"https:\/\/www.histoiresgalantes.fr\/blog\/wp-json\/wp\/v2\/posts"}],"about":[{"href":"https:\/\/www.histoiresgalantes.fr\/blog\/wp-json\/wp\/v2\/types\/post"}],"author":[{"embeddable":true,"href":"https:\/\/www.histoiresgalantes.fr\/blog\/wp-json\/wp\/v2\/users\/1"}],"replies":[{"embeddable":true,"href":"https:\/\/www.histoiresgalantes.fr\/blog\/wp-json\/wp\/v2\/comments?post=8578"}],"version-history":[{"count":2,"href":"https:\/\/www.histoiresgalantes.fr\/blog\/wp-json\/wp\/v2\/posts\/8578\/revisions"}],"predecessor-version":[{"id":8581,"href":"https:\/\/www.histoiresgalantes.fr\/blog\/wp-json\/wp\/v2\/posts\/8578\/revisions\/8581"}],"wp:featuredmedia":[{"embeddable":true,"href":"https:\/\/www.histoiresgalantes.fr\/blog\/wp-json\/wp\/v2\/media\/8579"}],"wp:attachment":[{"href":"https:\/\/www.histoiresgalantes.fr\/blog\/wp-json\/wp\/v2\/media?parent=8578"}],"wp:term":[{"taxonomy":"category","embeddable":true,"href":"https:\/\/www.histoiresgalantes.fr\/blog\/wp-json\/wp\/v2\/categories?post=8578"},{"taxonomy":"post_tag","embeddable":true,"href":"https:\/\/www.histoiresgalantes.fr\/blog\/wp-json\/wp\/v2\/tags?post=8578"}],"curies":[{"name":"wp","href":"https:\/\/api.w.org\/{rel}","templated":true}]}}