{"id":8592,"date":"2018-02-13T13:14:00","date_gmt":"2018-02-13T12:14:00","guid":{"rendered":"http:\/\/www.histoiresgalantes.fr\/blog\/?p=8592"},"modified":"2018-02-13T20:13:00","modified_gmt":"2018-02-13T19:13:00","slug":"premiers-mannequins-de-mode-a-taille-reelle","status":"publish","type":"post","link":"https:\/\/www.histoiresgalantes.fr\/blog\/2018\/02\/13\/premiers-mannequins-de-mode-a-taille-reelle\/","title":{"rendered":"Premiers mannequins de mode \u00e0 taille r\u00e9elle !"},"content":{"rendered":"<p>Avant d&#8217;\u00eatre pr\u00e9sent\u00e9es sur des mannequins en chair et en os, (et par ailleurs, plus que en os, actuellement) les derni\u00e8res tendances de la mode \u00e9taient pr\u00e9sent\u00e9es, au XVIIIe si\u00e8cle, sur des mannequins de bois \u00e0 taille r\u00e9elle et voyageaient dans toute l&#8217;Europe pour v\u00e9hiculer les derni\u00e8res tendances !<br \/>\nLa figure de bois de 1m75, tournait autour d&#8217;un poteau central afin d&#8217;afficher la robe sous tous les angles, ce mannequin vendu par Soth<span class=\"text_exposed_show\">ebys pr\u00e9sente une robe de cour \u00e0 la fran\u00e7aise avec des plis &#8220;\u00e0 la Watteau&#8221;, mod\u00e8le qui a conquis toutes les cours europ\u00e9ennes.<br \/>\nAppel\u00e9e &#8220;<strong>la Fameuse poup\u00e9e<\/strong>&#8220;, &#8220;ce prototype voyage de Paris \u00e0 Londres et de l\u00e0, r\u00e9pand la gr\u00e2ce dans toute l&#8217;Europe. Il va du Nord au Sud jusqu&#8217;\u00e0 Constantinople et P\u00e9tersbourg, et les plis invent\u00e9s par les Fran\u00e7ais sont copi\u00e9s par toutes les nations en humble hommage au go\u00fbt du faubourg Saint-Honor\u00e9&#8221;. S\u00e9bastien Mercier<br \/>\nCe mannequin fut vendu chez Sothebys 37 000 GBP<br \/>\nPhotographies \u00a9<a href=\"https:\/\/l.facebook.com\/l.php?u=http%3A%2F%2FSothebys.com%2F&amp;h=ATMEokR5Gy7kYCQD8jekPSp5WmGbH4BQ4i18xVMPpv4wKDBGt2FcCluB-yt5X8ThKscLMR7dTgYjbuoZOA_UJLKgfCbwpKNxrJBum_JtaEcJtzGWGTcNFteSD88Hg6j8s5p7zx3teGTbiAF-Zp2neweB60bg_O5TbneOC-_d2qtzQzVi5TErMA4QstB0XG-IkigUUm30eMH9Pk5VhyoLjEQhqX-hbj7dbW-R8s-z0TJNdnDmZXYQYLUfn6acc0BrjTYT0MhVGJmpY1FMIP78\" target=\"_blank\" rel=\"nofollow\" data-ft=\"{&quot;tn&quot;:&quot;-U&quot;}\" data-lynx-mode=\"async\">Sothebys.com<\/a><br \/>\nSource \u00a9<a href=\"https:\/\/l.facebook.com\/l.php?u=http%3A%2F%2FSothebys.com%2F&amp;h=ATOv3729ziYUl6FyYVFy82cU_mQ6mdCWWf7sO8J_RwPu3jyouJAdW7KsUGSe6EY9_fIw7dm3-9SVABrT3ViKK7ubu6YDkBQjlCl9S14tTN08nD3kr4Ab5ShBTNyvgkLPk8hWqDQmRuxaBgBevDRMndB4w0iwQh3FFF7sq8FMhBKQNiXBgu5aTMq6ZKQIvTUK6Czzye0Zte8X8RNv6bjybDMzwM_PcGfrbHQ161rVwRx8BBXsBOvZ2NfGqBZtp45JTZA4lmIunR9ZrB_ivt3m\" target=\"_blank\" rel=\"nofollow\" data-ft=\"{&quot;tn&quot;:&quot;-U&quot;}\" data-lynx-mode=\"async\">Sothebys.com<\/a><br \/>\nIllustration\u00a9La Couture ou Belle Promesse est de peu d&#8217;effet De Les Belles Marchandes, Almanach historique, proverbial et chantant (1784)<\/span><\/p>\n<p><a href=\"https:\/\/www.histoiresgalantes.fr\/blog\/2018\/02\/13\/premiers-mannequins-de-mode-a-taille-reelle\/mannequin33\/\" rel=\"attachment wp-att-8594\"><img loading=\"lazy\" decoding=\"async\" class=\"alignnone size-full wp-image-8594\" src=\"https:\/\/www.histoiresgalantes.fr\/blog\/wp-content\/uploads\/2018\/02\/mannequin33.jpg\" alt=\"mannequin33\" width=\"1000\" height=\"992\" srcset=\"https:\/\/www.histoiresgalantes.fr\/blog\/wp-content\/uploads\/2018\/02\/mannequin33.jpg 1000w, https:\/\/www.histoiresgalantes.fr\/blog\/wp-content\/uploads\/2018\/02\/mannequin33-150x150.jpg 150w, https:\/\/www.histoiresgalantes.fr\/blog\/wp-content\/uploads\/2018\/02\/mannequin33-300x298.jpg 300w, https:\/\/www.histoiresgalantes.fr\/blog\/wp-content\/uploads\/2018\/02\/mannequin33-768x762.jpg 768w\" sizes=\"auto, (max-width: 1000px) 100vw, 1000px\" \/><\/a><\/p>\n","protected":false},"excerpt":{"rendered":"<p>Avant d&#8217;\u00eatre pr\u00e9sent\u00e9es sur des mannequins en chair et en os, (et par ailleurs, plus que en os, actuellement) les derni\u00e8res tendances de la mode \u00e9taient pr\u00e9sent\u00e9es, au XVIIIe si\u00e8cle, sur des mannequins de bois \u00e0 taille r\u00e9elle et voyageaient dans toute l&#8217;Europe pour v\u00e9hiculer les derni\u00e8res tendances ! La figure de bois de 1m75, [&hellip;]<\/p>\n","protected":false},"author":1,"featured_media":8593,"comment_status":"open","ping_status":"open","sticky":false,"template":"","format":"image","meta":{"om_disable_all_campaigns":false,"_monsterinsights_skip_tracking":false,"_monsterinsights_sitenote_active":false,"_monsterinsights_sitenote_note":"","_monsterinsights_sitenote_category":0,"_s2mail":"yes","footnotes":""},"categories":[37,23],"tags":[],"class_list":["post-8592","post","type-post","status-publish","format-image","has-post-thumbnail","hentry","category-anecdotes","category-mode","post_format-post-format-image"],"aioseo_notices":[],"_links":{"self":[{"href":"https:\/\/www.histoiresgalantes.fr\/blog\/wp-json\/wp\/v2\/posts\/8592","targetHints":{"allow":["GET"]}}],"collection":[{"href":"https:\/\/www.histoiresgalantes.fr\/blog\/wp-json\/wp\/v2\/posts"}],"about":[{"href":"https:\/\/www.histoiresgalantes.fr\/blog\/wp-json\/wp\/v2\/types\/post"}],"author":[{"embeddable":true,"href":"https:\/\/www.histoiresgalantes.fr\/blog\/wp-json\/wp\/v2\/users\/1"}],"replies":[{"embeddable":true,"href":"https:\/\/www.histoiresgalantes.fr\/blog\/wp-json\/wp\/v2\/comments?post=8592"}],"version-history":[{"count":5,"href":"https:\/\/www.histoiresgalantes.fr\/blog\/wp-json\/wp\/v2\/posts\/8592\/revisions"}],"predecessor-version":[{"id":8601,"href":"https:\/\/www.histoiresgalantes.fr\/blog\/wp-json\/wp\/v2\/posts\/8592\/revisions\/8601"}],"wp:featuredmedia":[{"embeddable":true,"href":"https:\/\/www.histoiresgalantes.fr\/blog\/wp-json\/wp\/v2\/media\/8593"}],"wp:attachment":[{"href":"https:\/\/www.histoiresgalantes.fr\/blog\/wp-json\/wp\/v2\/media?parent=8592"}],"wp:term":[{"taxonomy":"category","embeddable":true,"href":"https:\/\/www.histoiresgalantes.fr\/blog\/wp-json\/wp\/v2\/categories?post=8592"},{"taxonomy":"post_tag","embeddable":true,"href":"https:\/\/www.histoiresgalantes.fr\/blog\/wp-json\/wp\/v2\/tags?post=8592"}],"curies":[{"name":"wp","href":"https:\/\/api.w.org\/{rel}","templated":true}]}}