{"id":9219,"date":"2018-03-28T08:22:33","date_gmt":"2018-03-28T07:22:33","guid":{"rendered":"http:\/\/www.histoiresgalantes.fr\/blog\/?p=9219"},"modified":"2018-03-29T17:00:41","modified_gmt":"2018-03-29T16:00:41","slug":"matiere-a-reflechir","status":"publish","type":"post","link":"https:\/\/www.histoiresgalantes.fr\/blog\/2018\/03\/28\/matiere-a-reflechir\/","title":{"rendered":"Mati\u00e8re \u00e0 r\u00e9fl\u00e9chir"},"content":{"rendered":"<p>Sublime exposition des artistes verriers au <strong>ch\u00e2teau Stanislas \u00e0 Commerc<\/strong>y<br \/>\nLa promotion 2017 des cr\u00e9ateurs verriers du <strong>Cerfav<\/strong>, expose du 24 mars au 3 juin 2018 au Ch\u00e2teau Stanislas de Commercy.<br \/>\nLes artistes Marie Flambard et Manuel Diemer, pass\u00e9s aussi par le Cerfav sont invit\u00e9s d&#8217;honneur.<br \/>\nDu 24 mars au 3 juin 2018 Les week-ends et jours f\u00e9ri\u00e9s de 15h \u00e0 18h Entr\u00e9e libre<\/p>\n<p>&nbsp;<\/p>\n<p><a href=\"https:\/\/www.histoiresgalantes.fr\/blog\/2018\/03\/28\/matiere-a-reflechir\/img_6624\/\" rel=\"attachment wp-att-9220\"><img loading=\"lazy\" decoding=\"async\" class=\"alignnone size-full wp-image-9220\" src=\"https:\/\/www.histoiresgalantes.fr\/blog\/wp-content\/uploads\/2018\/03\/IMG_6624.jpg\" alt=\"IMG_6624\" width=\"700\" height=\"467\" srcset=\"https:\/\/www.histoiresgalantes.fr\/blog\/wp-content\/uploads\/2018\/03\/IMG_6624.jpg 700w, https:\/\/www.histoiresgalantes.fr\/blog\/wp-content\/uploads\/2018\/03\/IMG_6624-300x200.jpg 300w, https:\/\/www.histoiresgalantes.fr\/blog\/wp-content\/uploads\/2018\/03\/IMG_6624-330x220.jpg 330w\" sizes=\"auto, (max-width: 700px) 100vw, 700px\" \/><\/a><\/p>\n<p><a href=\"https:\/\/www.histoiresgalantes.fr\/blog\/2018\/03\/28\/matiere-a-reflechir\/img_6640\/\" rel=\"attachment wp-att-9222\"><img loading=\"lazy\" decoding=\"async\" class=\"alignnone size-full wp-image-9222\" src=\"https:\/\/www.histoiresgalantes.fr\/blog\/wp-content\/uploads\/2018\/03\/IMG_6640.jpg\" alt=\"IMG_6640\" width=\"467\" height=\"700\" srcset=\"https:\/\/www.histoiresgalantes.fr\/blog\/wp-content\/uploads\/2018\/03\/IMG_6640.jpg 467w, https:\/\/www.histoiresgalantes.fr\/blog\/wp-content\/uploads\/2018\/03\/IMG_6640-200x300.jpg 200w\" sizes=\"auto, (max-width: 467px) 100vw, 467px\" \/><\/p>\n<p><\/a> <a href=\"https:\/\/www.histoiresgalantes.fr\/blog\/2018\/03\/28\/matiere-a-reflechir\/img_6639\/\" rel=\"attachment wp-att-9223\"><img loading=\"lazy\" decoding=\"async\" class=\"alignnone size-full wp-image-9223\" src=\"https:\/\/www.histoiresgalantes.fr\/blog\/wp-content\/uploads\/2018\/03\/IMG_6639.jpg\" alt=\"IMG_6639\" width=\"467\" height=\"700\" srcset=\"https:\/\/www.histoiresgalantes.fr\/blog\/wp-content\/uploads\/2018\/03\/IMG_6639.jpg 467w, https:\/\/www.histoiresgalantes.fr\/blog\/wp-content\/uploads\/2018\/03\/IMG_6639-200x300.jpg 200w\" sizes=\"auto, (max-width: 467px) 100vw, 467px\" \/><\/p>\n<p><\/a> <a href=\"https:\/\/www.histoiresgalantes.fr\/blog\/2018\/03\/28\/matiere-a-reflechir\/img_6644\/\" rel=\"attachment wp-att-9224\"><img loading=\"lazy\" decoding=\"async\" class=\"alignnone size-full wp-image-9224\" src=\"https:\/\/www.histoiresgalantes.fr\/blog\/wp-content\/uploads\/2018\/03\/IMG_6644.jpg\" alt=\"IMG_6644\" width=\"700\" height=\"467\" srcset=\"https:\/\/www.histoiresgalantes.fr\/blog\/wp-content\/uploads\/2018\/03\/IMG_6644.jpg 700w, https:\/\/www.histoiresgalantes.fr\/blog\/wp-content\/uploads\/2018\/03\/IMG_6644-300x200.jpg 300w, https:\/\/www.histoiresgalantes.fr\/blog\/wp-content\/uploads\/2018\/03\/IMG_6644-330x220.jpg 330w\" sizes=\"auto, (max-width: 700px) 100vw, 700px\" \/><\/p>\n<p><\/a> <a href=\"https:\/\/www.histoiresgalantes.fr\/blog\/2018\/03\/28\/matiere-a-reflechir\/img_6643\/\" rel=\"attachment wp-att-9225\"><img loading=\"lazy\" decoding=\"async\" class=\"alignnone size-full wp-image-9225\" src=\"https:\/\/www.histoiresgalantes.fr\/blog\/wp-content\/uploads\/2018\/03\/IMG_6643.jpg\" alt=\"IMG_6643\" width=\"467\" height=\"700\" srcset=\"https:\/\/www.histoiresgalantes.fr\/blog\/wp-content\/uploads\/2018\/03\/IMG_6643.jpg 467w, https:\/\/www.histoiresgalantes.fr\/blog\/wp-content\/uploads\/2018\/03\/IMG_6643-200x300.jpg 200w\" sizes=\"auto, (max-width: 467px) 100vw, 467px\" \/><\/p>\n<p><\/a> <a href=\"https:\/\/www.histoiresgalantes.fr\/blog\/2018\/03\/28\/matiere-a-reflechir\/img_6620\/\" rel=\"attachment wp-att-9226\"><img loading=\"lazy\" decoding=\"async\" class=\"alignnone size-full wp-image-9226\" src=\"https:\/\/www.histoiresgalantes.fr\/blog\/wp-content\/uploads\/2018\/03\/IMG_6620.jpg\" alt=\"IMG_6620\" width=\"467\" height=\"700\" srcset=\"https:\/\/www.histoiresgalantes.fr\/blog\/wp-content\/uploads\/2018\/03\/IMG_6620.jpg 467w, https:\/\/www.histoiresgalantes.fr\/blog\/wp-content\/uploads\/2018\/03\/IMG_6620-200x300.jpg 200w\" sizes=\"auto, (max-width: 467px) 100vw, 467px\" \/><\/p>\n<p><\/a><\/p>\n","protected":false},"excerpt":{"rendered":"<p>Sublime exposition des artistes verriers au ch\u00e2teau Stanislas \u00e0 Commercy La promotion 2017 des cr\u00e9ateurs verriers du Cerfav, expose du 24 mars au 3 juin 2018 au Ch\u00e2teau Stanislas de Commercy. Les artistes Marie Flambard et Manuel Diemer, pass\u00e9s aussi par le Cerfav sont invit\u00e9s d&#8217;honneur. Du 24 mars au 3 juin 2018 Les week-ends [&hellip;]<\/p>\n","protected":false},"author":1,"featured_media":9221,"comment_status":"open","ping_status":"open","sticky":false,"template":"","format":"image","meta":{"om_disable_all_campaigns":false,"_monsterinsights_skip_tracking":false,"_monsterinsights_sitenote_active":false,"_monsterinsights_sitenote_note":"","_monsterinsights_sitenote_category":0,"_s2mail":"yes","footnotes":""},"categories":[48,67,29,76],"tags":[],"class_list":["post-9219","post","type-post","status-publish","format-image","has-post-thumbnail","hentry","category-talent","category-artistes","category-evenements","category-sortir","post_format-post-format-image"],"aioseo_notices":[],"_links":{"self":[{"href":"https:\/\/www.histoiresgalantes.fr\/blog\/wp-json\/wp\/v2\/posts\/9219","targetHints":{"allow":["GET"]}}],"collection":[{"href":"https:\/\/www.histoiresgalantes.fr\/blog\/wp-json\/wp\/v2\/posts"}],"about":[{"href":"https:\/\/www.histoiresgalantes.fr\/blog\/wp-json\/wp\/v2\/types\/post"}],"author":[{"embeddable":true,"href":"https:\/\/www.histoiresgalantes.fr\/blog\/wp-json\/wp\/v2\/users\/1"}],"replies":[{"embeddable":true,"href":"https:\/\/www.histoiresgalantes.fr\/blog\/wp-json\/wp\/v2\/comments?post=9219"}],"version-history":[{"count":4,"href":"https:\/\/www.histoiresgalantes.fr\/blog\/wp-json\/wp\/v2\/posts\/9219\/revisions"}],"predecessor-version":[{"id":9231,"href":"https:\/\/www.histoiresgalantes.fr\/blog\/wp-json\/wp\/v2\/posts\/9219\/revisions\/9231"}],"wp:featuredmedia":[{"embeddable":true,"href":"https:\/\/www.histoiresgalantes.fr\/blog\/wp-json\/wp\/v2\/media\/9221"}],"wp:attachment":[{"href":"https:\/\/www.histoiresgalantes.fr\/blog\/wp-json\/wp\/v2\/media?parent=9219"}],"wp:term":[{"taxonomy":"category","embeddable":true,"href":"https:\/\/www.histoiresgalantes.fr\/blog\/wp-json\/wp\/v2\/categories?post=9219"},{"taxonomy":"post_tag","embeddable":true,"href":"https:\/\/www.histoiresgalantes.fr\/blog\/wp-json\/wp\/v2\/tags?post=9219"}],"curies":[{"name":"wp","href":"https:\/\/api.w.org\/{rel}","templated":true}]}}