{"id":9399,"date":"2018-04-15T07:57:24","date_gmt":"2018-04-15T06:57:24","guid":{"rendered":"http:\/\/www.histoiresgalantes.fr\/blog\/?p=9399"},"modified":"2018-06-06T15:38:19","modified_gmt":"2018-06-06T14:38:19","slug":"voyage-aux-pays-bas-ou-comment-et-pourquoi-la-chaise-percee-recevra-plus-tard-lappellation-de-trone","status":"publish","type":"post","link":"https:\/\/www.histoiresgalantes.fr\/blog\/2018\/04\/15\/voyage-aux-pays-bas-ou-comment-et-pourquoi-la-chaise-percee-recevra-plus-tard-lappellation-de-trone\/","title":{"rendered":"Voyage aux Pays-Bas ou comment et pourquoi la chaise perc\u00e9e recevra plus tard l&#8217;appellation de tr\u00f4ne"},"content":{"rendered":"<p>La chaise perc\u00e9e devient, sous Louis XIV un r\u00e9el instrument de pouvoir, elle est tr\u00e8s ouvrag\u00e9e, richement d\u00e9cor\u00e9e et l&#8217;utiliser en public est une marque de puissance !<br \/>\nLes anecdotes vont bon train (c&#8217;est le cas de le dire) sur le sujet, &#8220;aller faire un Voyage aux Pays-Bas&#8221; est la formule consacr\u00e9e et si la duchesse de Bourgogne y converse avec ses amies, le R\u00e9gent, lui, y donnera des audiences !<br \/>\nLe duc de Vend\u00f4me y faisait ses lettres et y donnait ses ordres du matin, Rousseau s&#8217;y oubliera des Heures enti\u00e8res quand \u00e0 <strong>Voltaire<\/strong>, il \u00e9crira \u00e0 son homme d&#8217;affaires : &#8221; Mon cul jaloux de la beaut\u00e9 de mes meubles, demande aussi une jolie chaise perc\u00e9e, avec de grands seaux de rechange.&#8221;<br \/>\nChaise perc\u00e9e estampill\u00e9e Turcot, d&#8217;\u00e9poque Louis XV \u00a9 \u202aExpertissim\u202c<br \/>\nArticle \u00a9PFDebert<br \/>\nVoltaire en robe de chambre \u00a9 Gallica<br \/>\nVoici aussi un excellent article sur le PQ<br \/>\nhttps:\/\/usbeketrica.com\/article\/une-breve-histoire-du-pq<\/p>\n","protected":false},"excerpt":{"rendered":"<p>La chaise perc\u00e9e devient, sous Louis XIV un r\u00e9el instrument de pouvoir, elle est tr\u00e8s ouvrag\u00e9e, richement d\u00e9cor\u00e9e et l&#8217;utiliser en public est une marque de puissance ! Les anecdotes vont bon train (c&#8217;est le cas de le dire) sur le sujet, &#8220;aller faire un Voyage aux Pays-Bas&#8221; est la formule consacr\u00e9e et si la [&hellip;]<\/p>\n","protected":false},"author":1,"featured_media":9404,"comment_status":"open","ping_status":"open","sticky":false,"template":"","format":"image","meta":{"om_disable_all_campaigns":false,"_monsterinsights_skip_tracking":false,"_monsterinsights_sitenote_active":false,"_monsterinsights_sitenote_note":"","_monsterinsights_sitenote_category":0,"_s2mail":"yes","footnotes":""},"categories":[37,83,14,31],"tags":[],"class_list":["post-9399","post","type-post","status-publish","format-image","has-post-thumbnail","hentry","category-anecdotes","category-ecrivain-e-s","category-insolite","category-voltaire","post_format-post-format-image"],"aioseo_notices":[],"_links":{"self":[{"href":"https:\/\/www.histoiresgalantes.fr\/blog\/wp-json\/wp\/v2\/posts\/9399","targetHints":{"allow":["GET"]}}],"collection":[{"href":"https:\/\/www.histoiresgalantes.fr\/blog\/wp-json\/wp\/v2\/posts"}],"about":[{"href":"https:\/\/www.histoiresgalantes.fr\/blog\/wp-json\/wp\/v2\/types\/post"}],"author":[{"embeddable":true,"href":"https:\/\/www.histoiresgalantes.fr\/blog\/wp-json\/wp\/v2\/users\/1"}],"replies":[{"embeddable":true,"href":"https:\/\/www.histoiresgalantes.fr\/blog\/wp-json\/wp\/v2\/comments?post=9399"}],"version-history":[{"count":1,"href":"https:\/\/www.histoiresgalantes.fr\/blog\/wp-json\/wp\/v2\/posts\/9399\/revisions"}],"predecessor-version":[{"id":9401,"href":"https:\/\/www.histoiresgalantes.fr\/blog\/wp-json\/wp\/v2\/posts\/9399\/revisions\/9401"}],"wp:featuredmedia":[{"embeddable":true,"href":"https:\/\/www.histoiresgalantes.fr\/blog\/wp-json\/wp\/v2\/media\/9404"}],"wp:attachment":[{"href":"https:\/\/www.histoiresgalantes.fr\/blog\/wp-json\/wp\/v2\/media?parent=9399"}],"wp:term":[{"taxonomy":"category","embeddable":true,"href":"https:\/\/www.histoiresgalantes.fr\/blog\/wp-json\/wp\/v2\/categories?post=9399"},{"taxonomy":"post_tag","embeddable":true,"href":"https:\/\/www.histoiresgalantes.fr\/blog\/wp-json\/wp\/v2\/tags?post=9399"}],"curies":[{"name":"wp","href":"https:\/\/api.w.org\/{rel}","templated":true}]}}