{"id":9534,"date":"2018-05-09T21:25:14","date_gmt":"2018-05-09T20:25:14","guid":{"rendered":"http:\/\/www.histoiresgalantes.fr\/blog\/?p=9534"},"modified":"2019-01-27T15:13:43","modified_gmt":"2019-01-27T14:13:43","slug":"le-plus-celebre-des-calligraphes-sous-louis-xv-louis-xvi-et-meme-napoleon-etait-surnomme-bernard-de-paris-alors-quil-etait-ne-a-luneville","status":"publish","type":"post","link":"https:\/\/www.histoiresgalantes.fr\/blog\/2018\/05\/09\/le-plus-celebre-des-calligraphes-sous-louis-xv-louis-xvi-et-meme-napoleon-etait-surnomme-bernard-de-paris-alors-quil-etait-ne-a-luneville\/","title":{"rendered":"Le plus c\u00e9l\u00e8bre des calligraphes sous Louis XV, Louis XVI et m\u00eame Napol\u00e9on\u2026 \u00e9tait surnomm\u00e9 &#8220;Bernard de Paris&#8221; alors qu&#8217;il \u00e9tait n\u00e9 \u00e0 Lun\u00e9ville !"},"content":{"rendered":"<p>Fils d&#8217;un perruquier de la cour de Stanislas,<strong> Jean-Joseph Bernard<\/strong> est form\u00e9 tr\u00e8s jeune par deux &#8220;as&#8221; de la calligraphie, Thiriot, et le chevalier de Berny.<br \/>\nTr\u00e8s dou\u00e9, le jeune homme est nomm\u00e9 rapidement ma\u00eetre d&#8217;\u00e9criture du roy Stanislas.<\/p>\n<p>Quittant la cour de Lorraine \u00e0 la mort de ce dernier, Bernard connait un succ\u00e8s retentissant, <span class=\"text_exposed_show\">\u00e0 Paris, en portraiturant tous les grands personnages de la cour de France, puis ceux de l&#8217;Empire !<\/span><\/p>\n<p>Ce virtuose de la plume r\u00e9pond ainsi aux invitations :<br \/>\n<em>&#8220;Madame, vous vous \u00e9tiez fait peindre, mais \u00e0 pr\u00e9sent il faut vous faire \u00e9crire&#8221;<\/em><\/p>\n<p>\u00a9 Ma ch\u00e8re Dana\u00e9 J-J Bernard 1770, \u0153uvre d\u00e9truite dans l&#8217;incendie du ch\u00e2teau de Lun\u00e9ville 2003 source \u00a9 Le pays Lorrain, n\u00b0106 2009<\/p>\n<p><a href=\"https:\/\/www.histoiresgalantes.fr\/blog\/2018\/05\/09\/le-plus-celebre-des-calligraphes-sous-louis-xv-louis-xvi-et-meme-napoleon-etait-surnomme-bernard-de-paris-alors-quil-etait-ne-a-luneville\/danae-2\/\" rel=\"attachment wp-att-9536\"><img loading=\"lazy\" decoding=\"async\" class=\"alignnone size-full wp-image-9536\" src=\"https:\/\/www.histoiresgalantes.fr\/blog\/wp-content\/uploads\/2018\/05\/danae.jpg\" alt=\"danae\" width=\"500\" height=\"819\" srcset=\"https:\/\/www.histoiresgalantes.fr\/blog\/wp-content\/uploads\/2018\/05\/danae.jpg 500w, https:\/\/www.histoiresgalantes.fr\/blog\/wp-content\/uploads\/2018\/05\/danae-183x300.jpg 183w\" sizes=\"auto, (max-width: 500px) 100vw, 500px\" \/><\/a><\/p>\n<p>\u00a9 Le pays Lorrain, n\u00b0106 2009<\/p>\n<p><a href=\"https:\/\/www.histoiresgalantes.fr\/blog\/2018\/05\/09\/le-plus-celebre-des-calligraphes-sous-louis-xv-louis-xvi-et-meme-napoleon-etait-surnomme-bernard-de-paris-alors-quil-etait-ne-a-luneville\/voltaire-7\/\" rel=\"attachment wp-att-9539\"><img loading=\"lazy\" decoding=\"async\" class=\"alignnone size-full wp-image-9539\" src=\"https:\/\/www.histoiresgalantes.fr\/blog\/wp-content\/uploads\/2018\/05\/voltaire.jpg\" alt=\"voltaire\" width=\"684\" height=\"980\" srcset=\"https:\/\/www.histoiresgalantes.fr\/blog\/wp-content\/uploads\/2018\/05\/voltaire.jpg 684w, https:\/\/www.histoiresgalantes.fr\/blog\/wp-content\/uploads\/2018\/05\/voltaire-209x300.jpg 209w\" sizes=\"auto, (max-width: 684px) 100vw, 684px\" \/><br \/>\n<\/a><\/p>\n<p><a href=\"https:\/\/www.histoiresgalantes.fr\/blog\/2018\/05\/09\/le-plus-celebre-des-calligraphes-sous-louis-xv-louis-xvi-et-meme-napoleon-etait-surnomme-bernard-de-paris-alors-quil-etait-ne-a-luneville\/joseph-bernard\/\" rel=\"attachment wp-att-9537\"><img loading=\"lazy\" decoding=\"async\" class=\"alignnone size-full wp-image-9537\" src=\"https:\/\/www.histoiresgalantes.fr\/blog\/wp-content\/uploads\/2018\/05\/joseph-bernard.jpg\" alt=\"joseph-bernard\" width=\"500\" height=\"591\" srcset=\"https:\/\/www.histoiresgalantes.fr\/blog\/wp-content\/uploads\/2018\/05\/joseph-bernard.jpg 500w, https:\/\/www.histoiresgalantes.fr\/blog\/wp-content\/uploads\/2018\/05\/joseph-bernard-254x300.jpg 254w\" sizes=\"auto, (max-width: 500px) 100vw, 500px\" \/><br \/>\n<\/a>\u00a9 Le pays Lorrain, n\u00b0106 2009<a href=\"https:\/\/www.histoiresgalantes.fr\/blog\/2018\/05\/09\/le-plus-celebre-des-calligraphes-sous-louis-xv-louis-xvi-et-meme-napoleon-etait-surnomme-bernard-de-paris-alors-quil-etait-ne-a-luneville\/joseph-bernard\/\" rel=\"attachment wp-att-9537\"><br \/>\n<\/a><\/p>\n<p><a href=\"https:\/\/www.histoiresgalantes.fr\/blog\/2018\/05\/09\/le-plus-celebre-des-calligraphes-sous-louis-xv-louis-xvi-et-meme-napoleon-etait-surnomme-bernard-de-paris-alors-quil-etait-ne-a-luneville\/bernynogent\/\" rel=\"attachment wp-att-9543\"><img loading=\"lazy\" decoding=\"async\" class=\"alignnone size-full wp-image-9543\" src=\"https:\/\/www.histoiresgalantes.fr\/blog\/wp-content\/uploads\/2018\/05\/BernyNogent.jpg\" alt=\"BernyNogent\" width=\"486\" height=\"690\" srcset=\"https:\/\/www.histoiresgalantes.fr\/blog\/wp-content\/uploads\/2018\/05\/BernyNogent.jpg 486w, https:\/\/www.histoiresgalantes.fr\/blog\/wp-content\/uploads\/2018\/05\/BernyNogent-211x300.jpg 211w\" sizes=\"auto, (max-width: 486px) 100vw, 486px\" \/><\/a><br \/>\n\u00a9 Le chevalier de Berny de Nogent<\/p>\n","protected":false},"excerpt":{"rendered":"<p>Fils d&#8217;un perruquier de la cour de Stanislas, Jean-Joseph Bernard est form\u00e9 tr\u00e8s jeune par deux &#8220;as&#8221; de la calligraphie, Thiriot, et le chevalier de Berny. Tr\u00e8s dou\u00e9, le jeune homme est nomm\u00e9 rapidement ma\u00eetre d&#8217;\u00e9criture du roy Stanislas. Quittant la cour de Lorraine \u00e0 la mort de ce dernier, Bernard connait un succ\u00e8s retentissant, [&hellip;]<\/p>\n","protected":false},"author":1,"featured_media":9538,"comment_status":"open","ping_status":"open","sticky":false,"template":"","format":"image","meta":{"om_disable_all_campaigns":false,"_monsterinsights_skip_tracking":false,"_monsterinsights_sitenote_active":false,"_monsterinsights_sitenote_note":"","_monsterinsights_sitenote_category":0,"_s2mail":"yes","footnotes":""},"categories":[13,24,71,56],"tags":[],"class_list":["post-9534","post","type-post","status-publish","format-image","has-post-thumbnail","hentry","category-cour-de-stanislas","category-peintres-dessinateurs","category-regne-de-stanislas","category-talents-et-artistes-exceptionnels","post_format-post-format-image"],"aioseo_notices":[],"_links":{"self":[{"href":"https:\/\/www.histoiresgalantes.fr\/blog\/wp-json\/wp\/v2\/posts\/9534","targetHints":{"allow":["GET"]}}],"collection":[{"href":"https:\/\/www.histoiresgalantes.fr\/blog\/wp-json\/wp\/v2\/posts"}],"about":[{"href":"https:\/\/www.histoiresgalantes.fr\/blog\/wp-json\/wp\/v2\/types\/post"}],"author":[{"embeddable":true,"href":"https:\/\/www.histoiresgalantes.fr\/blog\/wp-json\/wp\/v2\/users\/1"}],"replies":[{"embeddable":true,"href":"https:\/\/www.histoiresgalantes.fr\/blog\/wp-json\/wp\/v2\/comments?post=9534"}],"version-history":[{"count":6,"href":"https:\/\/www.histoiresgalantes.fr\/blog\/wp-json\/wp\/v2\/posts\/9534\/revisions"}],"predecessor-version":[{"id":9545,"href":"https:\/\/www.histoiresgalantes.fr\/blog\/wp-json\/wp\/v2\/posts\/9534\/revisions\/9545"}],"wp:featuredmedia":[{"embeddable":true,"href":"https:\/\/www.histoiresgalantes.fr\/blog\/wp-json\/wp\/v2\/media\/9538"}],"wp:attachment":[{"href":"https:\/\/www.histoiresgalantes.fr\/blog\/wp-json\/wp\/v2\/media?parent=9534"}],"wp:term":[{"taxonomy":"category","embeddable":true,"href":"https:\/\/www.histoiresgalantes.fr\/blog\/wp-json\/wp\/v2\/categories?post=9534"},{"taxonomy":"post_tag","embeddable":true,"href":"https:\/\/www.histoiresgalantes.fr\/blog\/wp-json\/wp\/v2\/tags?post=9534"}],"curies":[{"name":"wp","href":"https:\/\/api.w.org\/{rel}","templated":true}]}}