{"id":9857,"date":"2018-06-30T17:44:06","date_gmt":"2018-06-30T16:44:06","guid":{"rendered":"http:\/\/www.histoiresgalantes.fr\/blog\/?p=9857"},"modified":"2019-10-28T13:38:02","modified_gmt":"2019-10-28T12:38:02","slug":"le-temps-sest-arrete-a-ville-au-val","status":"publish","type":"post","link":"https:\/\/www.histoiresgalantes.fr\/blog\/2018\/06\/30\/le-temps-sest-arrete-a-ville-au-val\/","title":{"rendered":"Le temps s&#8217;est arr\u00eat\u00e9 quelque part en Lorraine"},"content":{"rendered":"<p>Ce ch\u00e2teau m\u00e9di\u00e9val est relook\u00e9 dernier quart du XVIIIe si\u00e8cle par la <a href=\"https:\/\/www.histoiresgalantes.fr\/blog\/2018\/06\/18\/zoom-sur-la-petite-veste-de-hussard-de-louis-de-la-salle-fameux-general-de-napoleon-bonaparte-et-dont-la-statue-orne-la-cour-du-chateau-de-luneville\/\"><strong>famille de La Salle<\/strong><\/a>, plus exactement Fran\u00e7ois de la Salle, \u00e9cuyer, seigneur de <a href=\"https:\/\/www.histoiresgalantes.fr\/blog\/2018\/06\/13\/pepite\/\"><strong>Ville-au-Val<\/strong><\/a>, demeurant \u00e0 Metz (oncle d&#8217;Antoine-Charles de Lasalle, fameux g\u00e9n\u00e9ral de Napol\u00e9on (1775 &#8211;&nbsp; Wagram 1809)).<br \/>\nLe ch\u00e2teau conserve ses quatre tours mais les pi\u00e8ces sont redistribu\u00e9es en enfilade avec antichambre, grands salons, coursives,\u2026 Une des fa\u00e7ades est perc\u00e9e de nombreuses fen\u00eatres agr\u00e9ment\u00e9es de balcons en fer forg\u00e9. Des parquets \u00e0<span class=\"text_exposed_show\"> la fran\u00e7aise sont pos\u00e9s dans les pi\u00e8ces interminables. Des boiseries, trumeaux peints et miroirs habillent les murs et des chemin\u00e9es, po\u00eales en fa\u00efence, fontaines de marbre et lustres de cristal apportent le confort de l&#8217;\u00e9poque.<br \/>\nLa famille de La Salle semblait avoir les moyens car le r\u00e9am\u00e9nagement du ch\u00e2teau m\u00e9di\u00e9val en fastueuse demeure a d\u00fb co\u00fbter bonbon !<br \/>\nMiracle, tout est rest\u00e9 dans son jus et la demeure a gard\u00e9 un charme fou !<br \/>\nCh\u00e2teau priv\u00e9, Visite de la <a href=\"https:\/\/www.histoiresgalantes.fr\/blog\/2018\/06\/13\/pepite\/\"><strong>chapelle &#8220;extraordinaire&#8221;<\/strong><\/a> dont le d\u00f4me est peint par Girardet <a href=\"https:\/\/www.histoiresgalantes.fr\/blog\/2018\/06\/13\/pepite\/\"><strong>(voir l&#8217;article ici)<\/strong> <\/a>pendant les journ\u00e9es du patrimoine ou en visite priv\u00e9e en appelant Monsieur Samuel Redonnet \u00e0 ce num\u00e9ro : 06 07 86 32 44<br \/>\nAutorisation de monsieur Samuel Redonnet pour cet article.<br \/>\nPhotos juin 2018\u00a9PFDebert<\/span><\/p>\n<p>&nbsp;<\/p>\n<p><a href=\"https:\/\/www.histoiresgalantes.fr\/blog\/2018\/06\/30\/le-temps-sest-arrete-a-ville-au-val\/img_8870\/\" rel=\"attachment wp-att-9869\"><img loading=\"lazy\" decoding=\"async\" class=\"alignnone size-full wp-image-9869\" src=\"https:\/\/www.histoiresgalantes.fr\/blog\/wp-content\/uploads\/2018\/06\/IMG_8870.jpg\" alt=\"IMG_8870\" width=\"533\" height=\"800\" srcset=\"https:\/\/www.histoiresgalantes.fr\/blog\/wp-content\/uploads\/2018\/06\/IMG_8870.jpg 533w, https:\/\/www.histoiresgalantes.fr\/blog\/wp-content\/uploads\/2018\/06\/IMG_8870-200x300.jpg 200w\" sizes=\"auto, (max-width: 533px) 100vw, 533px\" \/><\/a><\/p>\n<p><a href=\"https:\/\/www.histoiresgalantes.fr\/blog\/2018\/06\/30\/le-temps-sest-arrete-a-ville-au-val\/img_8836\/\" rel=\"attachment wp-att-9868\"><img loading=\"lazy\" decoding=\"async\" class=\"alignnone size-full wp-image-9868\" src=\"https:\/\/www.histoiresgalantes.fr\/blog\/wp-content\/uploads\/2018\/06\/IMG_8836.jpg\" alt=\"IMG_8836\" width=\"533\" height=\"800\" srcset=\"https:\/\/www.histoiresgalantes.fr\/blog\/wp-content\/uploads\/2018\/06\/IMG_8836.jpg 533w, https:\/\/www.histoiresgalantes.fr\/blog\/wp-content\/uploads\/2018\/06\/IMG_8836-200x300.jpg 200w\" sizes=\"auto, (max-width: 533px) 100vw, 533px\" \/><\/a><\/p>\n<p><a href=\"https:\/\/www.histoiresgalantes.fr\/blog\/2018\/06\/30\/le-temps-sest-arrete-a-ville-au-val\/img_8829\/\" rel=\"attachment wp-att-9867\"><img loading=\"lazy\" decoding=\"async\" class=\"alignnone size-full wp-image-9867\" src=\"https:\/\/www.histoiresgalantes.fr\/blog\/wp-content\/uploads\/2018\/06\/IMG_8829.jpg\" alt=\"IMG_8829\" width=\"800\" height=\"533\" srcset=\"https:\/\/www.histoiresgalantes.fr\/blog\/wp-content\/uploads\/2018\/06\/IMG_8829.jpg 800w, https:\/\/www.histoiresgalantes.fr\/blog\/wp-content\/uploads\/2018\/06\/IMG_8829-300x200.jpg 300w, https:\/\/www.histoiresgalantes.fr\/blog\/wp-content\/uploads\/2018\/06\/IMG_8829-768x512.jpg 768w, https:\/\/www.histoiresgalantes.fr\/blog\/wp-content\/uploads\/2018\/06\/IMG_8829-330x220.jpg 330w\" sizes=\"auto, (max-width: 800px) 100vw, 800px\" \/><\/a><\/p>\n<p><a href=\"https:\/\/www.histoiresgalantes.fr\/blog\/2018\/06\/30\/le-temps-sest-arrete-a-ville-au-val\/img_8828\/\" rel=\"attachment wp-att-9866\"><img loading=\"lazy\" decoding=\"async\" class=\"alignnone size-full wp-image-9866\" src=\"https:\/\/www.histoiresgalantes.fr\/blog\/wp-content\/uploads\/2018\/06\/IMG_8828.jpg\" alt=\"IMG_8828\" width=\"800\" height=\"533\" srcset=\"https:\/\/www.histoiresgalantes.fr\/blog\/wp-content\/uploads\/2018\/06\/IMG_8828.jpg 800w, https:\/\/www.histoiresgalantes.fr\/blog\/wp-content\/uploads\/2018\/06\/IMG_8828-300x200.jpg 300w, https:\/\/www.histoiresgalantes.fr\/blog\/wp-content\/uploads\/2018\/06\/IMG_8828-768x512.jpg 768w, https:\/\/www.histoiresgalantes.fr\/blog\/wp-content\/uploads\/2018\/06\/IMG_8828-330x220.jpg 330w\" sizes=\"auto, (max-width: 800px) 100vw, 800px\" \/><\/a><\/p>\n<p><a href=\"https:\/\/www.histoiresgalantes.fr\/blog\/2018\/06\/30\/le-temps-sest-arrete-a-ville-au-val\/img_8797\/\" rel=\"attachment wp-att-9865\"><img loading=\"lazy\" decoding=\"async\" class=\"alignnone size-full wp-image-9865\" src=\"https:\/\/www.histoiresgalantes.fr\/blog\/wp-content\/uploads\/2018\/06\/IMG_8797.jpg\" alt=\"IMG_8797\" width=\"533\" height=\"800\" srcset=\"https:\/\/www.histoiresgalantes.fr\/blog\/wp-content\/uploads\/2018\/06\/IMG_8797.jpg 533w, https:\/\/www.histoiresgalantes.fr\/blog\/wp-content\/uploads\/2018\/06\/IMG_8797-200x300.jpg 200w\" sizes=\"auto, (max-width: 533px) 100vw, 533px\" \/><\/a><\/p>\n<p><a href=\"https:\/\/www.histoiresgalantes.fr\/blog\/2018\/06\/30\/le-temps-sest-arrete-a-ville-au-val\/img_8799\/\" rel=\"attachment wp-att-9864\"><img loading=\"lazy\" decoding=\"async\" class=\"alignnone size-full wp-image-9864\" src=\"https:\/\/www.histoiresgalantes.fr\/blog\/wp-content\/uploads\/2018\/06\/IMG_8799.jpg\" alt=\"IMG_8799\" width=\"533\" height=\"800\" srcset=\"https:\/\/www.histoiresgalantes.fr\/blog\/wp-content\/uploads\/2018\/06\/IMG_8799.jpg 533w, https:\/\/www.histoiresgalantes.fr\/blog\/wp-content\/uploads\/2018\/06\/IMG_8799-200x300.jpg 200w\" sizes=\"auto, (max-width: 533px) 100vw, 533px\" \/><\/a><\/p>\n<p><a href=\"https:\/\/www.histoiresgalantes.fr\/blog\/2018\/06\/30\/le-temps-sest-arrete-a-ville-au-val\/img_8816\/\" rel=\"attachment wp-att-9863\"><img loading=\"lazy\" decoding=\"async\" class=\"alignnone size-full wp-image-9863\" src=\"https:\/\/www.histoiresgalantes.fr\/blog\/wp-content\/uploads\/2018\/06\/IMG_8816.jpg\" alt=\"IMG_8816\" width=\"533\" height=\"800\" srcset=\"https:\/\/www.histoiresgalantes.fr\/blog\/wp-content\/uploads\/2018\/06\/IMG_8816.jpg 533w, https:\/\/www.histoiresgalantes.fr\/blog\/wp-content\/uploads\/2018\/06\/IMG_8816-200x300.jpg 200w\" sizes=\"auto, (max-width: 533px) 100vw, 533px\" \/><\/a><\/p>\n<p><a href=\"https:\/\/www.histoiresgalantes.fr\/blog\/2018\/06\/30\/le-temps-sest-arrete-a-ville-au-val\/img_8818\/\" rel=\"attachment wp-att-9862\"><img loading=\"lazy\" decoding=\"async\" class=\"alignnone size-full wp-image-9862\" src=\"https:\/\/www.histoiresgalantes.fr\/blog\/wp-content\/uploads\/2018\/06\/IMG_8818.jpg\" alt=\"IMG_8818\" width=\"533\" height=\"800\" srcset=\"https:\/\/www.histoiresgalantes.fr\/blog\/wp-content\/uploads\/2018\/06\/IMG_8818.jpg 533w, https:\/\/www.histoiresgalantes.fr\/blog\/wp-content\/uploads\/2018\/06\/IMG_8818-200x300.jpg 200w\" sizes=\"auto, (max-width: 533px) 100vw, 533px\" \/><\/a><\/p>\n<p><a href=\"https:\/\/www.histoiresgalantes.fr\/blog\/2018\/06\/30\/le-temps-sest-arrete-a-ville-au-val\/img_8819-2\/\" rel=\"attachment wp-att-9861\"><img loading=\"lazy\" decoding=\"async\" class=\"alignnone size-full wp-image-9861\" src=\"https:\/\/www.histoiresgalantes.fr\/blog\/wp-content\/uploads\/2018\/06\/IMG_8819.jpg\" alt=\"IMG_8819\" width=\"533\" height=\"800\" srcset=\"https:\/\/www.histoiresgalantes.fr\/blog\/wp-content\/uploads\/2018\/06\/IMG_8819.jpg 533w, https:\/\/www.histoiresgalantes.fr\/blog\/wp-content\/uploads\/2018\/06\/IMG_8819-200x300.jpg 200w\" sizes=\"auto, (max-width: 533px) 100vw, 533px\" \/><\/a><\/p>\n<p>&nbsp;<\/p>\n","protected":false},"excerpt":{"rendered":"<p>Ce ch\u00e2teau m\u00e9di\u00e9val est relook\u00e9 dernier quart du XVIIIe si\u00e8cle par la famille de La Salle, plus exactement Fran\u00e7ois de la Salle, \u00e9cuyer, seigneur de Ville-au-Val, demeurant \u00e0 Metz (oncle d&#8217;Antoine-Charles de Lasalle, fameux g\u00e9n\u00e9ral de Napol\u00e9on (1775 &#8211;&nbsp; Wagram 1809)). Le ch\u00e2teau conserve ses quatre tours mais les pi\u00e8ces sont redistribu\u00e9es en enfilade avec [&hellip;]<\/p>\n","protected":false},"author":1,"featured_media":9870,"comment_status":"open","ping_status":"open","sticky":false,"template":"","format":"image","meta":{"om_disable_all_campaigns":false,"_monsterinsights_skip_tracking":false,"_monsterinsights_sitenote_active":false,"_monsterinsights_sitenote_note":"","_monsterinsights_sitenote_category":0,"_s2mail":"yes","footnotes":""},"categories":[16,52,90,17,53],"tags":[],"class_list":["post-9857","post","type-post","status-publish","format-image","has-post-thumbnail","hentry","category-batiments","category-sauvegarde-du-patrimoine","category-patrimoine-lorrain","category-portraits","category-sites-prives","post_format-post-format-image"],"aioseo_notices":[],"_links":{"self":[{"href":"https:\/\/www.histoiresgalantes.fr\/blog\/wp-json\/wp\/v2\/posts\/9857","targetHints":{"allow":["GET"]}}],"collection":[{"href":"https:\/\/www.histoiresgalantes.fr\/blog\/wp-json\/wp\/v2\/posts"}],"about":[{"href":"https:\/\/www.histoiresgalantes.fr\/blog\/wp-json\/wp\/v2\/types\/post"}],"author":[{"embeddable":true,"href":"https:\/\/www.histoiresgalantes.fr\/blog\/wp-json\/wp\/v2\/users\/1"}],"replies":[{"embeddable":true,"href":"https:\/\/www.histoiresgalantes.fr\/blog\/wp-json\/wp\/v2\/comments?post=9857"}],"version-history":[{"count":8,"href":"https:\/\/www.histoiresgalantes.fr\/blog\/wp-json\/wp\/v2\/posts\/9857\/revisions"}],"predecessor-version":[{"id":13439,"href":"https:\/\/www.histoiresgalantes.fr\/blog\/wp-json\/wp\/v2\/posts\/9857\/revisions\/13439"}],"wp:featuredmedia":[{"embeddable":true,"href":"https:\/\/www.histoiresgalantes.fr\/blog\/wp-json\/wp\/v2\/media\/9870"}],"wp:attachment":[{"href":"https:\/\/www.histoiresgalantes.fr\/blog\/wp-json\/wp\/v2\/media?parent=9857"}],"wp:term":[{"taxonomy":"category","embeddable":true,"href":"https:\/\/www.histoiresgalantes.fr\/blog\/wp-json\/wp\/v2\/categories?post=9857"},{"taxonomy":"post_tag","embeddable":true,"href":"https:\/\/www.histoiresgalantes.fr\/blog\/wp-json\/wp\/v2\/tags?post=9857"}],"curies":[{"name":"wp","href":"https:\/\/api.w.org\/{rel}","templated":true}]}}